{"id":6651,"date":"2025-02-10T18:01:28","date_gmt":"2025-02-10T17:01:28","guid":{"rendered":"https:\/\/solute.es\/?p=6651"},"modified":"2025-08-22T12:00:41","modified_gmt":"2025-08-22T10:00:41","slug":"meteorology-influence-over-los-angeles-fire","status":"publish","type":"post","link":"https:\/\/solute.es\/es\/meteorology-influence-over-los-angeles-fire\/","title":{"rendered":"Influencia de la meteorolog\u00eda en el incendio de Los \u00c1ngeles"},"content":{"rendered":"<div data-elementor-type=\"wp-post\" data-elementor-id=\"6651\" class=\"elementor elementor-6651\" data-elementor-post-type=\"post\">\n\t\t\t\t<div class=\"elementor-element elementor-element-198f8ad e-con-full e-flex e-con e-parent\" data-id=\"198f8ad\" data-element_type=\"container\">\n\t\t\t\t<div class=\"elementor-element elementor-element-aa373ab elementor-widget elementor-widget-heading\" data-id=\"aa373ab\" data-element_type=\"widget\" data-widget_type=\"heading.default\">\n\t\t\t\t<div class=\"elementor-widget-container\">\n\t\t\t\t\t<h2 class=\"elementor-heading-title elementor-size-default\">La meteorolog\u00eda demuestra que los incendios forestales de Los \u00c1ngeles se intensificaron por los fuertes vientos y las condiciones secas.<\/h2>\t\t\t\t<\/div>\n\t\t\t\t<\/div>\n\t\t\t\t<div class=\"elementor-element elementor-element-c24848e elementor-widget elementor-widget-text-editor\" data-id=\"c24848e\" data-element_type=\"widget\" data-widget_type=\"text-editor.default\">\n\t\t\t\t<div class=\"elementor-widget-container\">\n\t\t\t\t\t\t\t\t\t<p>Lo que comenz\u00f3 como un aviso por un peque\u00f1o fuego en la sierra de Santa M\u00f3nica, a 60 km de las famosas colinas de Hollywood, termin\u00f3 por hacer historia como una cadena de incendios al nivel de los m\u00e1s catastr\u00f3ficos de la historia de California.<\/p><p>A continuaci\u00f3n, se analizar\u00e1n diversas componentes meteorol\u00f3gicas (par\u00e1metros) que ayuden a comprender c\u00f3mo ha influido la meteorolog\u00eda en el origen y la propagaci\u00f3n imparable de las llamas hacia la ciudad, adem\u00e1s de sus consecuencias.<\/p>\t\t\t\t\t\t\t\t<\/div>\n\t\t\t\t<\/div>\n\t\t<div class=\"elementor-element elementor-element-7f75b8a e-grid e-con-boxed e-con e-child\" data-id=\"7f75b8a\" data-element_type=\"container\">\n\t\t\t\t\t<div class=\"e-con-inner\">\n\t\t<div class=\"elementor-element elementor-element-9cac679 e-con-full e-flex e-con e-child\" data-id=\"9cac679\" data-element_type=\"container\">\n\t\t\t\t<div class=\"elementor-element elementor-element-4e45389 elementor-widget elementor-widget-image\" data-id=\"4e45389\" data-element_type=\"widget\" data-widget_type=\"image.default\">\n\t\t\t\t<div class=\"elementor-widget-container\">\n\t\t\t\t\t\t\t\t\t\t\t\t\t\t\t<img fetchpriority=\"high\" decoding=\"async\" width=\"800\" height=\"800\" src=\"https:\/\/solute.es\/wp-content\/uploads\/2025\/03\/Picture1.jpg\" class=\"attachment-large size-large wp-image-6659\" alt=\"\" srcset=\"https:\/\/solute.es\/wp-content\/uploads\/2025\/03\/Picture1.jpg 1572w, https:\/\/solute.es\/wp-content\/uploads\/2025\/03\/Picture1-500x500.jpg 500w, https:\/\/solute.es\/wp-content\/uploads\/2025\/03\/Picture1-300x300.jpg 300w, https:\/\/solute.es\/wp-content\/uploads\/2025\/03\/Picture1-768x768.jpg 768w, https:\/\/solute.es\/wp-content\/uploads\/2025\/03\/Picture1-1536x1536.jpg 1536w, https:\/\/solute.es\/wp-content\/uploads\/2025\/03\/Picture1-12x12.jpg 12w\" sizes=\"(max-width: 800px) 100vw, 800px\" \/>\t\t\t\t\t\t\t\t\t\t\t\t\t\t\t<\/div>\n\t\t\t\t<\/div>\n\t\t\t\t<div class=\"elementor-element elementor-element-22326ae elementor-widget elementor-widget-text-editor\" data-id=\"22326ae\" data-element_type=\"widget\" data-widget_type=\"text-editor.default\">\n\t\t\t\t<div class=\"elementor-widget-container\">\n\t\t\t\t\t\t\t\t\t<p><strong>Imagen de sat\u00e9lite a 9 de enero de 2025 donde se observan los incendios activos en los alrededores de Los \u00c1ngeles<br \/><\/strong><em>Fuente: Sentinel 3 (ESA)<\/em><\/p>\t\t\t\t\t\t\t\t<\/div>\n\t\t\t\t<\/div>\n\t\t\t\t<\/div>\n\t\t<div class=\"elementor-element elementor-element-36ce776 e-con-full e-flex e-con e-child\" data-id=\"36ce776\" data-element_type=\"container\">\n\t\t\t\t<div class=\"elementor-element elementor-element-7a2b1ac elementor-widget elementor-widget-image\" data-id=\"7a2b1ac\" data-element_type=\"widget\" data-widget_type=\"image.default\">\n\t\t\t\t<div class=\"elementor-widget-container\">\n\t\t\t\t\t\t\t\t\t\t\t\t\t\t\t<img decoding=\"async\" width=\"800\" height=\"450\" src=\"https:\/\/solute.es\/wp-content\/uploads\/2025\/03\/Picture2.gif\" class=\"attachment-large size-large wp-image-6660\" alt=\"\" \/>\t\t\t\t\t\t\t\t\t\t\t\t\t\t\t<\/div>\n\t\t\t\t<\/div>\n\t\t\t\t<div class=\"elementor-element elementor-element-7bd8686 elementor-widget elementor-widget-text-editor\" data-id=\"7bd8686\" data-element_type=\"widget\" data-widget_type=\"text-editor.default\">\n\t\t\t\t<div class=\"elementor-widget-container\">\n\t\t\t\t\t\t\t\t\t<p><strong>Dispersi\u00f3n del humo provocado por los incendios de 18:00 a 23:56 UTC del 9 de enero de 2025<br \/><\/strong><em>Fuente: Sat\u00e9lite GOES-18 (NOAA)<\/em><\/p>\t\t\t\t\t\t\t\t<\/div>\n\t\t\t\t<\/div>\n\t\t\t\t<\/div>\n\t\t\t\t\t<\/div>\n\t\t\t\t<\/div>\n\t\t\t\t<div class=\"elementor-element elementor-element-9b881cc elementor-widget elementor-widget-heading\" data-id=\"9b881cc\" data-element_type=\"widget\" data-widget_type=\"heading.default\">\n\t\t\t\t<div class=\"elementor-widget-container\">\n\t\t\t\t\t<h2 class=\"elementor-heading-title elementor-size-default\">Condiciones favorables (sequ\u00eda)<\/h2>\t\t\t\t<\/div>\n\t\t\t\t<\/div>\n\t\t\t\t<div class=\"elementor-element elementor-element-eab1601 elementor-widget elementor-widget-text-editor\" data-id=\"eab1601\" data-element_type=\"widget\" data-widget_type=\"text-editor.default\">\n\t\t\t\t<div class=\"elementor-widget-container\">\n\t\t\t\t\t\t\t\t\t<p>El estado de California ha sufrido una sequ\u00eda generalizada durante la \u00faltima d\u00e9cada, a excepci\u00f3n de unos a\u00f1os 2022 y 2023 an\u00f3malamente h\u00famedos, cuando la vegetaci\u00f3n de la regi\u00f3n sufri\u00f3 un considerable aumento. De nuevo, no se han registrado lluvias en la ciudad de Los \u00c1ngeles desde el pasado mes de octubre, secando toda esta vegetaci\u00f3n y generado as\u00ed una importante cantidad de combustible para posibles incendios forestales.<\/p><p>Esto se\u00f1ala al cambio clim\u00e1tico, causante de esta alternancia brusca entre periodos secos y h\u00famedos, como un agente potenciador de sucesos de esta \u00edndole, aumentando su potencial destructivo como su distribuci\u00f3n temporal ya que no se hab\u00edan registrado antes incendios significativos en la regi\u00f3n en el mes de enero, sino que es el verano la estaci\u00f3n donde dan comienzo.<\/p>\t\t\t\t\t\t\t\t<\/div>\n\t\t\t\t<\/div>\n\t\t\t\t<div class=\"elementor-element elementor-element-1ef3136 elementor-widget elementor-widget-image\" data-id=\"1ef3136\" data-element_type=\"widget\" data-widget_type=\"image.default\">\n\t\t\t\t<div class=\"elementor-widget-container\">\n\t\t\t\t\t\t\t\t\t\t\t\t\t\t\t<img decoding=\"async\" width=\"800\" height=\"426\" src=\"https:\/\/solute.es\/wp-content\/uploads\/2025\/03\/Picture3.jpg\" class=\"attachment-large size-large wp-image-6656\" alt=\"\" srcset=\"https:\/\/solute.es\/wp-content\/uploads\/2025\/03\/Picture3.jpg 1627w, https:\/\/solute.es\/wp-content\/uploads\/2025\/03\/Picture3-500x266.jpg 500w, https:\/\/solute.es\/wp-content\/uploads\/2025\/03\/Picture3-768x409.jpg 768w, https:\/\/solute.es\/wp-content\/uploads\/2025\/03\/Picture3-1536x818.jpg 1536w, https:\/\/solute.es\/wp-content\/uploads\/2025\/03\/Picture3-18x10.jpg 18w\" sizes=\"(max-width: 800px) 100vw, 800px\" \/>\t\t\t\t\t\t\t\t\t\t\t\t\t\t\t<\/div>\n\t\t\t\t<\/div>\n\t\t\t\t<div class=\"elementor-element elementor-element-31e37e4 elementor-widget elementor-widget-text-editor\" data-id=\"31e37e4\" data-element_type=\"widget\" data-widget_type=\"text-editor.default\">\n\t\t\t\t<div class=\"elementor-widget-container\">\n\t\t\t\t\t\t\t\t\t<p><strong>Distribuci\u00f3n temporal mensual de incendios en California a 13 de enero de 2025<br \/><\/strong><em>Fuente: The Economist<\/em><\/p>\t\t\t\t\t\t\t\t<\/div>\n\t\t\t\t<\/div>\n\t\t\t\t<div class=\"elementor-element elementor-element-fbf01cb elementor-widget elementor-widget-heading\" data-id=\"fbf01cb\" data-element_type=\"widget\" data-widget_type=\"heading.default\">\n\t\t\t\t<div class=\"elementor-widget-container\">\n\t\t\t\t\t<h2 class=\"elementor-heading-title elementor-size-default\">Vientos<\/h2>\t\t\t\t<\/div>\n\t\t\t\t<\/div>\n\t\t\t\t<div class=\"elementor-element elementor-element-3a6e914 elementor-widget elementor-widget-text-editor\" data-id=\"3a6e914\" data-element_type=\"widget\" data-widget_type=\"text-editor.default\">\n\t\t\t\t<div class=\"elementor-widget-container\">\n\t\t\t\t\t\t\t\t\t<p>En el sur de California y el \u00e1rea metropolitana de Los \u00c1ngeles son bien conocidos los vientos de Santa Ana. De componente noreste y por tanto de origen continental, los vientos catab\u00e1ticos descienden las monta\u00f1as aceler\u00e1ndose, calent\u00e1ndose y por lo tanto perdiendo humedad (por efecto Foehn).<\/p><p>Al inicio de las primeras llamas, los vientos de Santa Ana se aceleraron desde 90 hasta rachas de 160 km\/h que propagaron el fuego con gran rapidez.<\/p>\t\t\t\t\t\t\t\t<\/div>\n\t\t\t\t<\/div>\n\t\t\t\t<div class=\"elementor-element elementor-element-bbbb31e elementor-widget elementor-widget-image\" data-id=\"bbbb31e\" data-element_type=\"widget\" data-widget_type=\"image.default\">\n\t\t\t\t<div class=\"elementor-widget-container\">\n\t\t\t\t\t\t\t\t\t\t\t\t\t\t\t<img loading=\"lazy\" decoding=\"async\" width=\"384\" height=\"711\" src=\"https:\/\/solute.es\/wp-content\/uploads\/2025\/03\/Picture4.jpg\" class=\"attachment-large size-large wp-image-6657\" alt=\"\" srcset=\"https:\/\/solute.es\/wp-content\/uploads\/2025\/03\/Picture4.jpg 384w, https:\/\/solute.es\/wp-content\/uploads\/2025\/03\/Picture4-270x500.jpg 270w, https:\/\/solute.es\/wp-content\/uploads\/2025\/03\/Picture4-6x12.jpg 6w\" sizes=\"(max-width: 384px) 100vw, 384px\" \/>\t\t\t\t\t\t\t\t\t\t\t\t\t\t\t<\/div>\n\t\t\t\t<\/div>\n\t\t\t\t<div class=\"elementor-element elementor-element-7c1fc90 elementor-widget elementor-widget-text-editor\" data-id=\"7c1fc90\" data-element_type=\"widget\" data-widget_type=\"text-editor.default\">\n\t\t\t\t<div class=\"elementor-widget-container\">\n\t\t\t\t\t\t\t\t\t<p><strong>Patr\u00f3n de vientos en el sur de California del d\u00eda 8 de enero de 2025<br \/><\/strong><em>Fuente: earth.nullschool.net<\/em><\/p>\t\t\t\t\t\t\t\t<\/div>\n\t\t\t\t<\/div>\n\t\t\t\t<div class=\"elementor-element elementor-element-3b40ae4 elementor-widget elementor-widget-heading\" data-id=\"3b40ae4\" data-element_type=\"widget\" data-widget_type=\"heading.default\">\n\t\t\t\t<div class=\"elementor-widget-container\">\n\t\t\t\t\t<h2 class=\"elementor-heading-title elementor-size-default\">Calidad del aire<\/h2>\t\t\t\t<\/div>\n\t\t\t\t<\/div>\n\t\t\t\t<div class=\"elementor-element elementor-element-fc454fb elementor-widget elementor-widget-text-editor\" data-id=\"fc454fb\" data-element_type=\"widget\" data-widget_type=\"text-editor.default\">\n\t\t\t\t<div class=\"elementor-widget-container\">\n\t\t\t\t\t\t\t\t\t<p>La ciudad de Los \u00c1ngeles es una de las que m\u00e1s sufre problemas en cuanto a la calidad de su aire. Su geograf\u00eda, con un terreno llano entre la costa y una cadena monta\u00f1osa genera recirculaci\u00f3n del aire, es decir, \u00e9ste no se renueva y se mantiene sobre la ciudad. Por lo tanto, la acumulaci\u00f3n del humo y las part\u00edculas en suspensi\u00f3n en el aire generados por los incendios contribuyen a un descenso de la calidad del aire, ya de por si bajo.<\/p>\t\t\t\t\t\t\t\t<\/div>\n\t\t\t\t<\/div>\n\t\t\t\t<div class=\"elementor-element elementor-element-0c9d168 elementor-widget elementor-widget-image\" data-id=\"0c9d168\" data-element_type=\"widget\" data-widget_type=\"image.default\">\n\t\t\t\t<div class=\"elementor-widget-container\">\n\t\t\t\t\t\t\t\t\t\t\t\t\t\t\t<img loading=\"lazy\" decoding=\"async\" width=\"800\" height=\"600\" src=\"https:\/\/solute.es\/wp-content\/uploads\/2025\/03\/Picture5.jpg\" class=\"attachment-large size-large wp-image-6658\" alt=\"\" srcset=\"https:\/\/solute.es\/wp-content\/uploads\/2025\/03\/Picture5.jpg 1032w, https:\/\/solute.es\/wp-content\/uploads\/2025\/03\/Picture5-500x375.jpg 500w, https:\/\/solute.es\/wp-content\/uploads\/2025\/03\/Picture5-768x576.jpg 768w, https:\/\/solute.es\/wp-content\/uploads\/2025\/03\/Picture5-16x12.jpg 16w\" sizes=\"(max-width: 800px) 100vw, 800px\" \/>\t\t\t\t\t\t\t\t\t\t\t\t\t\t\t<\/div>\n\t\t\t\t<\/div>\n\t\t\t\t<div class=\"elementor-element elementor-element-a877b6c elementor-widget elementor-widget-text-editor\" data-id=\"a877b6c\" data-element_type=\"widget\" data-widget_type=\"text-editor.default\">\n\t\t\t\t<div class=\"elementor-widget-container\">\n\t\t\t\t\t\t\t\t\t<p><strong>Topograf\u00eda de la cuenca de Los \u00c1ngeles con los sistemas monta\u00f1osos que encapsulan el aire sobre la ciudad<br \/><\/strong><em>Fuente: Datos ASTER (NASA)<\/em><\/p>\t\t\t\t\t\t\t\t<\/div>\n\t\t\t\t<\/div>\n\t\t\t\t<div class=\"elementor-element elementor-element-dbd44f8 elementor-widget-divider--view-line elementor-widget elementor-widget-divider\" data-id=\"dbd44f8\" data-element_type=\"widget\" data-widget_type=\"divider.default\">\n\t\t\t\t<div class=\"elementor-widget-container\">\n\t\t\t\t\t\t\t<div class=\"elementor-divider\">\n\t\t\t<span class=\"elementor-divider-separator\">\n\t\t\t\t\t\t<\/span>\n\t\t<\/div>\n\t\t\t\t\t\t<\/div>\n\t\t\t\t<\/div>\n\t\t\t\t<div class=\"elementor-element elementor-element-0dfeabf elementor-widget elementor-widget-text-editor\" data-id=\"0dfeabf\" data-element_type=\"widget\" data-widget_type=\"text-editor.default\">\n\t\t\t\t<div class=\"elementor-widget-container\">\n\t\t\t\t\t\t\t\t\t<p>Las oscilaciones entre sequ\u00edas y lluvias consecuencia del cambio clim\u00e1tico, sumado a las caracter\u00edsticas propias de vientos y geograf\u00eda de la ciudad de Los \u00c1ngeles y el terreno monta\u00f1oso que la rodea hace esta regi\u00f3n significativamente sensible a eventos extremos como el ocurrido en este inicio de 2025 de manera potencialmente recurrente. Esto convierte el estudio de la meteorolog\u00eda y sus variaciones vital para predecirlos y prevenir sus efectos.<\/p>\t\t\t\t\t\t\t\t<\/div>\n\t\t\t\t<\/div>\n\t\t\t\t<\/div>\n\t\t\t\t<\/div>","protected":false},"excerpt":{"rendered":"<p>La meteorolog\u00eda demuestra que los incendios forestales de Los \u00c1ngeles se intensificaron por los fuertes vientos y las condiciones secas.<\/p>","protected":false},"author":11,"featured_media":6669,"comment_status":"closed","ping_status":"open","sticky":false,"template":"","format":"standard","meta":{"footnotes":""},"categories":[20],"tags":[],"class_list":["post-6651","post","type-post","status-publish","format-standard","has-post-thumbnail","hentry","category-meteorology"],"yoast_head":"<!-- This site is optimized with the Yoast SEO plugin v26.2 - https:\/\/yoast.com\/wordpress\/plugins\/seo\/ -->\n<title>Meteorology influence over Los Angeles fire | SOLUTE<\/title>\n<meta name=\"description\" content=\"Meteorology demonstrate that Los Angeles wildfires were intensified by strong winds and dry conditions\" \/>\n<meta name=\"robots\" content=\"index, follow, max-snippet:-1, max-image-preview:large, max-video-preview:-1\" \/>\n<link rel=\"canonical\" href=\"https:\/\/solute.es\/es\/meteorology-influence-over-los-angeles-fire\/\" \/>\n<meta property=\"og:locale\" content=\"es_ES\" \/>\n<meta property=\"og:type\" content=\"article\" \/>\n<meta property=\"og:title\" content=\"Meteorology influence over Los Angeles fire | SOLUTE\" \/>\n<meta property=\"og:description\" content=\"Meteorology demonstrate that Los Angeles wildfires were intensified by strong winds and dry conditions\" \/>\n<meta property=\"og:url\" content=\"https:\/\/solute.es\/es\/meteorology-influence-over-los-angeles-fire\/\" \/>\n<meta property=\"og:site_name\" content=\"SOLUTE\" \/>\n<meta property=\"article:published_time\" content=\"2025-02-10T17:01:28+00:00\" \/>\n<meta property=\"article:modified_time\" content=\"2025-08-22T10:00:41+00:00\" \/>\n<meta property=\"og:image\" content=\"https:\/\/solute.es\/wp-content\/uploads\/2025\/03\/Screenshot-2025-03-12-172029.png\" \/>\n\t<meta property=\"og:image:width\" content=\"1472\" \/>\n\t<meta property=\"og:image:height\" content=\"692\" \/>\n\t<meta property=\"og:image:type\" content=\"image\/png\" \/>\n<meta name=\"author\" content=\"Alberto Gomez\" \/>\n<meta name=\"twitter:card\" content=\"summary_large_image\" \/>\n<meta name=\"twitter:label1\" content=\"Escrito por\" \/>\n\t<meta name=\"twitter:data1\" content=\"Alberto Gomez\" \/>\n\t<meta name=\"twitter:label2\" content=\"Tiempo de lectura\" \/>\n\t<meta name=\"twitter:data2\" content=\"4 minutos\" \/>\n<script type=\"application\/ld+json\" class=\"yoast-schema-graph\">{\"@context\":\"https:\/\/schema.org\",\"@graph\":[{\"@type\":\"Article\",\"@id\":\"https:\/\/solute.es\/meteorology-influence-over-los-angeles-fire\/#article\",\"isPartOf\":{\"@id\":\"https:\/\/solute.es\/meteorology-influence-over-los-angeles-fire\/\"},\"author\":{\"name\":\"Alberto Gomez\",\"@id\":\"https:\/\/solute.es\/#\/schema\/person\/0291f29218a1bda44d45831f98512cb1\"},\"headline\":\"Meteorology influence over Los Angeles fire\",\"datePublished\":\"2025-02-10T17:01:28+00:00\",\"dateModified\":\"2025-08-22T10:00:41+00:00\",\"mainEntityOfPage\":{\"@id\":\"https:\/\/solute.es\/meteorology-influence-over-los-angeles-fire\/\"},\"wordCount\":478,\"publisher\":{\"@id\":\"https:\/\/solute.es\/#organization\"},\"image\":{\"@id\":\"https:\/\/solute.es\/meteorology-influence-over-los-angeles-fire\/#primaryimage\"},\"thumbnailUrl\":\"https:\/\/solute.es\/wp-content\/uploads\/2025\/03\/Screenshot-2025-03-12-172029.png\",\"articleSection\":[\"Meteorology\"],\"inLanguage\":\"es\"},{\"@type\":\"WebPage\",\"@id\":\"https:\/\/solute.es\/meteorology-influence-over-los-angeles-fire\/\",\"url\":\"https:\/\/solute.es\/meteorology-influence-over-los-angeles-fire\/\",\"name\":\"Meteorology influence over Los Angeles fire | SOLUTE\",\"isPartOf\":{\"@id\":\"https:\/\/solute.es\/#website\"},\"primaryImageOfPage\":{\"@id\":\"https:\/\/solute.es\/meteorology-influence-over-los-angeles-fire\/#primaryimage\"},\"image\":{\"@id\":\"https:\/\/solute.es\/meteorology-influence-over-los-angeles-fire\/#primaryimage\"},\"thumbnailUrl\":\"https:\/\/solute.es\/wp-content\/uploads\/2025\/03\/Screenshot-2025-03-12-172029.png\",\"datePublished\":\"2025-02-10T17:01:28+00:00\",\"dateModified\":\"2025-08-22T10:00:41+00:00\",\"description\":\"Meteorology demonstrate that Los Angeles wildfires were intensified by strong winds and dry conditions\",\"breadcrumb\":{\"@id\":\"https:\/\/solute.es\/meteorology-influence-over-los-angeles-fire\/#breadcrumb\"},\"inLanguage\":\"es\",\"potentialAction\":[{\"@type\":\"ReadAction\",\"target\":[\"https:\/\/solute.es\/meteorology-influence-over-los-angeles-fire\/\"]}]},{\"@type\":\"ImageObject\",\"inLanguage\":\"es\",\"@id\":\"https:\/\/solute.es\/meteorology-influence-over-los-angeles-fire\/#primaryimage\",\"url\":\"https:\/\/solute.es\/wp-content\/uploads\/2025\/03\/Screenshot-2025-03-12-172029.png\",\"contentUrl\":\"https:\/\/solute.es\/wp-content\/uploads\/2025\/03\/Screenshot-2025-03-12-172029.png\",\"width\":1472,\"height\":692},{\"@type\":\"BreadcrumbList\",\"@id\":\"https:\/\/solute.es\/meteorology-influence-over-los-angeles-fire\/#breadcrumb\",\"itemListElement\":[{\"@type\":\"ListItem\",\"position\":1,\"name\":\"Home\",\"item\":\"https:\/\/solute.es\/\"},{\"@type\":\"ListItem\",\"position\":2,\"name\":\"Meteorology influence over Los Angeles fire\"}]},{\"@type\":\"WebSite\",\"@id\":\"https:\/\/solute.es\/#website\",\"url\":\"https:\/\/solute.es\/\",\"name\":\"SOLUTE\",\"description\":\"Multidisciplinary engineering consultancy\",\"publisher\":{\"@id\":\"https:\/\/solute.es\/#organization\"},\"potentialAction\":[{\"@type\":\"SearchAction\",\"target\":{\"@type\":\"EntryPoint\",\"urlTemplate\":\"https:\/\/solute.es\/?s={search_term_string}\"},\"query-input\":{\"@type\":\"PropertyValueSpecification\",\"valueRequired\":true,\"valueName\":\"search_term_string\"}}],\"inLanguage\":\"es\"},{\"@type\":\"Organization\",\"@id\":\"https:\/\/solute.es\/#organization\",\"name\":\"SOLUTE\",\"url\":\"https:\/\/solute.es\/\",\"logo\":{\"@type\":\"ImageObject\",\"inLanguage\":\"es\",\"@id\":\"https:\/\/solute.es\/#\/schema\/logo\/image\/\",\"url\":\"https:\/\/solute.es\/wp-content\/uploads\/2024\/01\/SOLUTE_Engineering_350x100px.png\",\"contentUrl\":\"https:\/\/solute.es\/wp-content\/uploads\/2024\/01\/SOLUTE_Engineering_350x100px.png\",\"width\":350,\"height\":100,\"caption\":\"SOLUTE\"},\"image\":{\"@id\":\"https:\/\/solute.es\/#\/schema\/logo\/image\/\"}},{\"@type\":\"Person\",\"@id\":\"https:\/\/solute.es\/#\/schema\/person\/0291f29218a1bda44d45831f98512cb1\",\"name\":\"Alberto Gomez\"}]}<\/script>\n<!-- \/ Yoast SEO plugin. -->","yoast_head_json":{"title":"Influencia de la meteorolog\u00eda en el incendio de Los \u00c1ngeles | SOLUTE","description":"La meteorolog\u00eda demuestra que los incendios forestales de Los \u00c1ngeles se intensificaron por los fuertes vientos y las condiciones secas.","robots":{"index":"index","follow":"follow","max-snippet":"max-snippet:-1","max-image-preview":"max-image-preview:large","max-video-preview":"max-video-preview:-1"},"canonical":"https:\/\/solute.es\/es\/meteorology-influence-over-los-angeles-fire\/","og_locale":"es_ES","og_type":"article","og_title":"Meteorology influence over Los Angeles fire | SOLUTE","og_description":"Meteorology demonstrate that Los Angeles wildfires were intensified by strong winds and dry conditions","og_url":"https:\/\/solute.es\/es\/meteorology-influence-over-los-angeles-fire\/","og_site_name":"SOLUTE","article_published_time":"2025-02-10T17:01:28+00:00","article_modified_time":"2025-08-22T10:00:41+00:00","og_image":[{"width":1472,"height":692,"url":"https:\/\/solute.es\/wp-content\/uploads\/2025\/03\/Screenshot-2025-03-12-172029.png","type":"image\/png"}],"author":"Alberto Gomez","twitter_card":"summary_large_image","twitter_misc":{"Escrito por":"Alberto Gomez","Tiempo de lectura":"4 minutos"},"schema":{"@context":"https:\/\/schema.org","@graph":[{"@type":"Article","@id":"https:\/\/solute.es\/meteorology-influence-over-los-angeles-fire\/#article","isPartOf":{"@id":"https:\/\/solute.es\/meteorology-influence-over-los-angeles-fire\/"},"author":{"name":"Alberto Gomez","@id":"https:\/\/solute.es\/#\/schema\/person\/0291f29218a1bda44d45831f98512cb1"},"headline":"Meteorology influence over Los Angeles fire","datePublished":"2025-02-10T17:01:28+00:00","dateModified":"2025-08-22T10:00:41+00:00","mainEntityOfPage":{"@id":"https:\/\/solute.es\/meteorology-influence-over-los-angeles-fire\/"},"wordCount":478,"publisher":{"@id":"https:\/\/solute.es\/#organization"},"image":{"@id":"https:\/\/solute.es\/meteorology-influence-over-los-angeles-fire\/#primaryimage"},"thumbnailUrl":"https:\/\/solute.es\/wp-content\/uploads\/2025\/03\/Screenshot-2025-03-12-172029.png","articleSection":["Meteorology"],"inLanguage":"es"},{"@type":"WebPage","@id":"https:\/\/solute.es\/meteorology-influence-over-los-angeles-fire\/","url":"https:\/\/solute.es\/meteorology-influence-over-los-angeles-fire\/","name":"Influencia de la meteorolog\u00eda en el incendio de Los \u00c1ngeles | SOLUTE","isPartOf":{"@id":"https:\/\/solute.es\/#website"},"primaryImageOfPage":{"@id":"https:\/\/solute.es\/meteorology-influence-over-los-angeles-fire\/#primaryimage"},"image":{"@id":"https:\/\/solute.es\/meteorology-influence-over-los-angeles-fire\/#primaryimage"},"thumbnailUrl":"https:\/\/solute.es\/wp-content\/uploads\/2025\/03\/Screenshot-2025-03-12-172029.png","datePublished":"2025-02-10T17:01:28+00:00","dateModified":"2025-08-22T10:00:41+00:00","description":"La meteorolog\u00eda demuestra que los incendios forestales de Los \u00c1ngeles se intensificaron por los fuertes vientos y las condiciones secas.","breadcrumb":{"@id":"https:\/\/solute.es\/meteorology-influence-over-los-angeles-fire\/#breadcrumb"},"inLanguage":"es","potentialAction":[{"@type":"ReadAction","target":["https:\/\/solute.es\/meteorology-influence-over-los-angeles-fire\/"]}]},{"@type":"ImageObject","inLanguage":"es","@id":"https:\/\/solute.es\/meteorology-influence-over-los-angeles-fire\/#primaryimage","url":"https:\/\/solute.es\/wp-content\/uploads\/2025\/03\/Screenshot-2025-03-12-172029.png","contentUrl":"https:\/\/solute.es\/wp-content\/uploads\/2025\/03\/Screenshot-2025-03-12-172029.png","width":1472,"height":692},{"@type":"BreadcrumbList","@id":"https:\/\/solute.es\/meteorology-influence-over-los-angeles-fire\/#breadcrumb","itemListElement":[{"@type":"ListItem","position":1,"name":"Home","item":"https:\/\/solute.es\/"},{"@type":"ListItem","position":2,"name":"Meteorology influence over Los Angeles fire"}]},{"@type":"WebSite","@id":"https:\/\/solute.es\/#website","url":"https:\/\/solute.es\/","name":"SUSTANCIA DISOLUTA","description":"Consultor\u00eda de ingenier\u00eda multidisciplinar","publisher":{"@id":"https:\/\/solute.es\/#organization"},"potentialAction":[{"@type":"SearchAction","target":{"@type":"EntryPoint","urlTemplate":"https:\/\/solute.es\/?s={search_term_string}"},"query-input":{"@type":"PropertyValueSpecification","valueRequired":true,"valueName":"search_term_string"}}],"inLanguage":"es"},{"@type":"Organization","@id":"https:\/\/solute.es\/#organization","name":"SUSTANCIA DISOLUTA","url":"https:\/\/solute.es\/","logo":{"@type":"ImageObject","inLanguage":"es","@id":"https:\/\/solute.es\/#\/schema\/logo\/image\/","url":"https:\/\/solute.es\/wp-content\/uploads\/2024\/01\/SOLUTE_Engineering_350x100px.png","contentUrl":"https:\/\/solute.es\/wp-content\/uploads\/2024\/01\/SOLUTE_Engineering_350x100px.png","width":350,"height":100,"caption":"SOLUTE"},"image":{"@id":"https:\/\/solute.es\/#\/schema\/logo\/image\/"}},{"@type":"Person","@id":"https:\/\/solute.es\/#\/schema\/person\/0291f29218a1bda44d45831f98512cb1","name":"Alberto G\u00f3mez"}]}},"_links":{"self":[{"href":"https:\/\/solute.es\/es\/wp-json\/wp\/v2\/posts\/6651","targetHints":{"allow":["GET"]}}],"collection":[{"href":"https:\/\/solute.es\/es\/wp-json\/wp\/v2\/posts"}],"about":[{"href":"https:\/\/solute.es\/es\/wp-json\/wp\/v2\/types\/post"}],"author":[{"embeddable":true,"href":"https:\/\/solute.es\/es\/wp-json\/wp\/v2\/users\/11"}],"replies":[{"embeddable":true,"href":"https:\/\/solute.es\/es\/wp-json\/wp\/v2\/comments?post=6651"}],"version-history":[{"count":17,"href":"https:\/\/solute.es\/es\/wp-json\/wp\/v2\/posts\/6651\/revisions"}],"predecessor-version":[{"id":6780,"href":"https:\/\/solute.es\/es\/wp-json\/wp\/v2\/posts\/6651\/revisions\/6780"}],"wp:featuredmedia":[{"embeddable":true,"href":"https:\/\/solute.es\/es\/wp-json\/wp\/v2\/media\/6669"}],"wp:attachment":[{"href":"https:\/\/solute.es\/es\/wp-json\/wp\/v2\/media?parent=6651"}],"wp:term":[{"taxonomy":"category","embeddable":true,"href":"https:\/\/solute.es\/es\/wp-json\/wp\/v2\/categories?post=6651"},{"taxonomy":"post_tag","embeddable":true,"href":"https:\/\/solute.es\/es\/wp-json\/wp\/v2\/tags?post=6651"}],"curies":[{"name":"wp","href":"https:\/\/api.w.org\/{rel}","templated":true}]}}