{"id":5166,"date":"2024-04-05T12:59:40","date_gmt":"2024-04-05T10:59:40","guid":{"rendered":"https:\/\/solute.es\/?p=5166"},"modified":"2024-08-28T15:56:32","modified_gmt":"2024-08-28T13:56:32","slug":"solute-attends-wind-europe-in-bilbao","status":"publish","type":"post","link":"https:\/\/solute.es\/es\/solute-attends-wind-europe-in-bilbao\/","title":{"rendered":"SOLUTE asiste a Wind Europe en Bilbao"},"content":{"rendered":"<div data-elementor-type=\"wp-post\" data-elementor-id=\"5166\" class=\"elementor elementor-5166\" data-elementor-post-type=\"post\">\n\t\t\t\t<div class=\"elementor-element elementor-element-994ca5b e-flex e-con-boxed e-con e-parent\" data-id=\"994ca5b\" data-element_type=\"container\">\n\t\t\t\t\t<div class=\"e-con-inner\">\n\t\t\t\t<div class=\"elementor-element elementor-element-1c96aa3 elementor-widget elementor-widget-heading\" data-id=\"1c96aa3\" data-element_type=\"widget\" data-widget_type=\"heading.default\">\n\t\t\t\t<div class=\"elementor-widget-container\">\n\t\t\t\t\t<h2 class=\"elementor-heading-title elementor-size-default\">Otro a\u00f1o, otro Wind Europe<\/h2>\t\t\t\t<\/div>\n\t\t\t\t<\/div>\n\t\t\t\t<div class=\"elementor-element elementor-element-475559f elementor-widget elementor-widget-text-editor\" data-id=\"475559f\" data-element_type=\"widget\" data-widget_type=\"text-editor.default\">\n\t\t\t\t<div class=\"elementor-widget-container\">\n\t\t\t\t\t\t\t\t\t<p><strong>Terminando.<\/strong> La ciudad m\u00e1s grande del Pa\u00eds Vasco, Bilbao, recibi\u00f3 a miles de expertos para celebrar y acoger WindEurope Bilbao 2024, el principal evento del sector de la energ\u00eda e\u00f3lica, que tuvo lugar del 2 al 4 de abril. La feria reuni\u00f3 a l\u00edderes y expertos de la industria para hablar sobre las \u00faltimas tendencias y avances en energ\u00eda e\u00f3lica.<\/p><p>Los equipos de SOLUTE y TSR Wind asistieron al evento de este a\u00f1o, tras la edici\u00f3n anterior en Copenhague. All\u00ed, tuvieron la ocasi\u00f3n de compartir un espacio parcial en el stand de Iberdrola, lo que permiti\u00f3 a TSR Wind realizar demostraciones en vivo de sus robots de inspecci\u00f3n de aerogeneradores.<\/p><p>Por otro lado, el equipo de SOLUTE aprovech\u00f3 la feria para encontrarse con clientes y colaboradores actuales, con el fin explorar nuevos proyectos y alianzas. Y es que Wind Europe act\u00faa como uno de los principales eventos de energ\u00eda e\u00f3lica en todo el mundo, ofreciendo la oportunidad de asistir a paneles de discusi\u00f3n y conocer las \u00faltimas novedades de la industria, especialmente en tiempos de incertidumbre.<\/p><p><strong>La ciudad de Bilbao ya ha acogido en tres ocasiones Wind Europe (2019, 2022, 2024)<\/strong><\/p><p>Wind Europe 2024 brind\u00f3 una oportunidad inmejorable para que SOLUTE y TSR Wind contactaran con otros profesionales de la industria, intercambiaran conocimientos y exploraran posibles colaboraciones. En este sentido, podemos decir que estamos entusiasmados con el futuro de la energ\u00eda e\u00f3lica y seguimos comprometidos con impulsar la innovaci\u00f3n en el sector.<\/p><p>\u00a1Esperamos veros de nuevo el a\u00f1o que viene en Copenhague!<\/p>\t\t\t\t\t\t\t\t<\/div>\n\t\t\t\t<\/div>\n\t\t\t\t<div class=\"elementor-element elementor-element-abffd7b elementor-widget elementor-widget-heading\" data-id=\"abffd7b\" data-element_type=\"widget\" data-widget_type=\"heading.default\">\n\t\t\t\t<div class=\"elementor-widget-container\">\n\t\t\t\t\t<h2 class=\"elementor-heading-title elementor-size-default\">El evento de este a\u00f1o cont\u00f3 con +12.000 ponentes | +500 expositores | +80 conferencias<\/h2>\t\t\t\t<\/div>\n\t\t\t\t<\/div>\n\t\t\t\t\t<\/div>\n\t\t\t\t<\/div>\n\t\t<div class=\"elementor-element elementor-element-5f7f0c6 e-flex e-con-boxed e-con e-parent\" data-id=\"5f7f0c6\" data-element_type=\"container\">\n\t\t\t\t\t<div class=\"e-con-inner\">\n\t\t\t\t<div class=\"elementor-element elementor-element-b528989 elementor-widget elementor-widget-image\" data-id=\"b528989\" data-element_type=\"widget\" data-widget_type=\"image.default\">\n\t\t\t\t<div class=\"elementor-widget-container\">\n\t\t\t\t\t\t\t\t\t\t\t\t\t\t\t<img fetchpriority=\"high\" decoding=\"async\" width=\"800\" height=\"600\" src=\"https:\/\/solute.es\/wp-content\/uploads\/2024\/06\/Wind_Europe_2024.jpg\" class=\"attachment-large size-large wp-image-5167\" alt=\"\" srcset=\"https:\/\/solute.es\/wp-content\/uploads\/2024\/06\/Wind_Europe_2024.jpg 1290w, https:\/\/solute.es\/wp-content\/uploads\/2024\/06\/Wind_Europe_2024-500x375.jpg 500w, https:\/\/solute.es\/wp-content\/uploads\/2024\/06\/Wind_Europe_2024-768x576.jpg 768w, https:\/\/solute.es\/wp-content\/uploads\/2024\/06\/Wind_Europe_2024-16x12.jpg 16w\" sizes=\"(max-width: 800px) 100vw, 800px\" \/>\t\t\t\t\t\t\t\t\t\t\t\t\t\t\t<\/div>\n\t\t\t\t<\/div>\n\t\t\t\t<div class=\"elementor-element elementor-element-c5c1d94 elementor-widget elementor-widget-heading\" data-id=\"c5c1d94\" data-element_type=\"widget\" data-widget_type=\"heading.default\">\n\t\t\t\t<div class=\"elementor-widget-container\">\n\t\t\t\t\t<h2 class=\"elementor-heading-title elementor-size-default\">El equipo SOLUTE en Wind Europe 2024<\/h2>\t\t\t\t<\/div>\n\t\t\t\t<\/div>\n\t\t\t\t\t<\/div>\n\t\t\t\t<\/div>\n\t\t<div class=\"elementor-element elementor-element-3d95c7d e-flex e-con-boxed e-con e-parent\" data-id=\"3d95c7d\" data-element_type=\"container\">\n\t\t\t\t\t<div class=\"e-con-inner\">\n\t\t<div class=\"elementor-element elementor-element-b7ca6ea e-con-full e-flex e-con e-child\" data-id=\"b7ca6ea\" data-element_type=\"container\">\n\t\t\t\t<div class=\"elementor-element elementor-element-e6f1984 elementor-widget elementor-widget-image\" data-id=\"e6f1984\" data-element_type=\"widget\" data-widget_type=\"image.default\">\n\t\t\t\t<div class=\"elementor-widget-container\">\n\t\t\t\t\t\t\t\t\t\t\t\t\t\t\t<img decoding=\"async\" width=\"800\" height=\"1067\" src=\"https:\/\/solute.es\/wp-content\/uploads\/2024\/06\/Foto-TSR-1-1536x2048.jpg\" class=\"attachment-large size-large wp-image-5173\" alt=\"\" srcset=\"https:\/\/solute.es\/wp-content\/uploads\/2024\/06\/Foto-TSR-1-1536x2048.jpg 1536w, https:\/\/solute.es\/wp-content\/uploads\/2024\/06\/Foto-TSR-1-375x500.jpg 375w, https:\/\/solute.es\/wp-content\/uploads\/2024\/06\/Foto-TSR-1-768x1024.jpg 768w, https:\/\/solute.es\/wp-content\/uploads\/2024\/06\/Foto-TSR-1-1152x1536.jpg 1152w, https:\/\/solute.es\/wp-content\/uploads\/2024\/06\/Foto-TSR-1-9x12.jpg 9w\" sizes=\"(max-width: 800px) 100vw, 800px\" \/>\t\t\t\t\t\t\t\t\t\t\t\t\t\t\t<\/div>\n\t\t\t\t<\/div>\n\t\t\t\t<\/div>\n\t\t<div class=\"elementor-element elementor-element-07a1191 e-con-full e-flex e-con e-child\" data-id=\"07a1191\" data-element_type=\"container\">\n\t\t\t\t<div class=\"elementor-element elementor-element-bc04c57 elementor-widget elementor-widget-heading\" data-id=\"bc04c57\" data-element_type=\"widget\" data-widget_type=\"heading.default\">\n\t\t\t\t<div class=\"elementor-widget-container\">\n\t\t\t\t\t<h2 class=\"elementor-heading-title elementor-size-default\">El equipo t\u00e9cnico y comercial de TSR Wind en el stand de Iberdrola mostrando sus robots<\/h2>\t\t\t\t<\/div>\n\t\t\t\t<\/div>\n\t\t\t\t<div class=\"elementor-element elementor-element-36710f7 e-transform elementor-widget elementor-widget-image\" data-id=\"36710f7\" data-element_type=\"widget\" data-settings=\"{&quot;_transform_scale_effect_hover&quot;:{&quot;unit&quot;:&quot;px&quot;,&quot;size&quot;:0.9,&quot;sizes&quot;:[]},&quot;_transform_scale_effect_hover_tablet&quot;:{&quot;unit&quot;:&quot;px&quot;,&quot;size&quot;:&quot;&quot;,&quot;sizes&quot;:[]},&quot;_transform_scale_effect_hover_mobile&quot;:{&quot;unit&quot;:&quot;px&quot;,&quot;size&quot;:&quot;&quot;,&quot;sizes&quot;:[]}}\" data-widget_type=\"image.default\">\n\t\t\t\t<div class=\"elementor-widget-container\">\n\t\t\t\t\t\t\t\t\t\t\t\t\t\t\t\t<a href=\"https:\/\/tsrwind.com\/\">\n\t\t\t\t\t\t\t<img decoding=\"async\" width=\"666\" height=\"374\" src=\"https:\/\/solute.es\/wp-content\/uploads\/2024\/06\/TSR_Logo.png\" class=\"elementor-animation-shrink attachment-large size-large wp-image-5177\" alt=\"\" srcset=\"https:\/\/solute.es\/wp-content\/uploads\/2024\/06\/TSR_Logo.png 666w, https:\/\/solute.es\/wp-content\/uploads\/2024\/06\/TSR_Logo-500x281.png 500w, https:\/\/solute.es\/wp-content\/uploads\/2024\/06\/TSR_Logo-18x10.png 18w\" sizes=\"(max-width: 666px) 100vw, 666px\" \/>\t\t\t\t\t\t\t\t<\/a>\n\t\t\t\t\t\t\t\t\t\t\t\t\t\t\t<\/div>\n\t\t\t\t<\/div>\n\t\t\t\t<\/div>\n\t\t\t\t\t<\/div>\n\t\t\t\t<\/div>\n\t\t\t\t<\/div>","protected":false},"excerpt":{"rendered":"<p>Descubra lo m\u00e1s destacado de SOLUTE y TSR Wind en WindEurope Bilbao 2024. Vea c\u00f3mo mostramos nuestra tecnolog\u00eda, nos reunimos con expertos y exploramos innovaciones en energ\u00eda e\u00f3lica.<\/p>","protected":false},"author":5,"featured_media":5167,"comment_status":"closed","ping_status":"open","sticky":false,"template":"","format":"standard","meta":{"footnotes":""},"categories":[32,14],"tags":[],"class_list":["post-5166","post","type-post","status-publish","format-standard","has-post-thumbnail","hentry","category-events","category-wind-energy"],"yoast_head":"<!-- This site is optimized with the Yoast SEO plugin v26.2 - https:\/\/yoast.com\/wordpress\/plugins\/seo\/ -->\n<title>SOLUTE attends Wind Europe 2024 held in Bilbao | SOLUTE<\/title>\n<meta name=\"description\" content=\"Discover SOLUTE and TSR Wind&#039;s highlights from WindEurope Bilbao 2024. See how we showcased our tech, met with experts, and explored innovations in wind energy.\" \/>\n<meta name=\"robots\" content=\"index, nofollow, max-snippet:-1, max-image-preview:large, max-video-preview:-1\" \/>\n<link rel=\"canonical\" href=\"https:\/\/solute.es\/es\/solute-attends-wind-europe-in-bilbao\/\" \/>\n<meta property=\"og:locale\" content=\"es_ES\" \/>\n<meta property=\"og:type\" content=\"article\" \/>\n<meta property=\"og:title\" content=\"SOLUTE attends Wind Europe 2024 held in Bilbao | SOLUTE\" \/>\n<meta property=\"og:description\" content=\"Discover SOLUTE and TSR Wind&#039;s highlights from WindEurope Bilbao 2024. See how we showcased our tech, met with experts, and explored innovations in wind energy.\" \/>\n<meta property=\"og:url\" content=\"https:\/\/solute.es\/es\/solute-attends-wind-europe-in-bilbao\/\" \/>\n<meta property=\"og:site_name\" content=\"SOLUTE\" \/>\n<meta property=\"article:published_time\" content=\"2024-04-05T10:59:40+00:00\" \/>\n<meta property=\"article:modified_time\" content=\"2024-08-28T13:56:32+00:00\" \/>\n<meta property=\"og:image\" content=\"https:\/\/solute.es\/wp-content\/uploads\/2024\/06\/Wind_Europe_2024.jpg\" \/>\n\t<meta property=\"og:image:width\" content=\"1290\" \/>\n\t<meta property=\"og:image:height\" content=\"968\" \/>\n\t<meta property=\"og:image:type\" content=\"image\/jpeg\" \/>\n<meta name=\"author\" content=\"Mauricio Rich\" \/>\n<meta name=\"twitter:card\" content=\"summary_large_image\" \/>\n<meta name=\"twitter:label1\" content=\"Escrito por\" \/>\n\t<meta name=\"twitter:data1\" content=\"Mauricio Rich\" \/>\n\t<meta name=\"twitter:label2\" content=\"Tiempo de lectura\" \/>\n\t<meta name=\"twitter:data2\" content=\"2 minutos\" \/>\n<script type=\"application\/ld+json\" class=\"yoast-schema-graph\">{\"@context\":\"https:\/\/schema.org\",\"@graph\":[{\"@type\":\"Article\",\"@id\":\"https:\/\/solute.es\/solute-attends-wind-europe-in-bilbao\/#article\",\"isPartOf\":{\"@id\":\"https:\/\/solute.es\/solute-attends-wind-europe-in-bilbao\/\"},\"author\":{\"name\":\"Mauricio Rich\",\"@id\":\"https:\/\/solute.es\/#\/schema\/person\/aa2963d38c6f6db9fdbebd35bcd31f20\"},\"headline\":\"SOLUTE attends Wind Europe in Bilbao\",\"datePublished\":\"2024-04-05T10:59:40+00:00\",\"dateModified\":\"2024-08-28T13:56:32+00:00\",\"mainEntityOfPage\":{\"@id\":\"https:\/\/solute.es\/solute-attends-wind-europe-in-bilbao\/\"},\"wordCount\":260,\"publisher\":{\"@id\":\"https:\/\/solute.es\/#organization\"},\"image\":{\"@id\":\"https:\/\/solute.es\/solute-attends-wind-europe-in-bilbao\/#primaryimage\"},\"thumbnailUrl\":\"https:\/\/solute.es\/wp-content\/uploads\/2024\/06\/Wind_Europe_2024.jpg\",\"articleSection\":[\"Events\",\"Wind energy\"],\"inLanguage\":\"es\"},{\"@type\":\"WebPage\",\"@id\":\"https:\/\/solute.es\/solute-attends-wind-europe-in-bilbao\/\",\"url\":\"https:\/\/solute.es\/solute-attends-wind-europe-in-bilbao\/\",\"name\":\"SOLUTE attends Wind Europe 2024 held in Bilbao | SOLUTE\",\"isPartOf\":{\"@id\":\"https:\/\/solute.es\/#website\"},\"primaryImageOfPage\":{\"@id\":\"https:\/\/solute.es\/solute-attends-wind-europe-in-bilbao\/#primaryimage\"},\"image\":{\"@id\":\"https:\/\/solute.es\/solute-attends-wind-europe-in-bilbao\/#primaryimage\"},\"thumbnailUrl\":\"https:\/\/solute.es\/wp-content\/uploads\/2024\/06\/Wind_Europe_2024.jpg\",\"datePublished\":\"2024-04-05T10:59:40+00:00\",\"dateModified\":\"2024-08-28T13:56:32+00:00\",\"description\":\"Discover SOLUTE and TSR Wind's highlights from WindEurope Bilbao 2024. See how we showcased our tech, met with experts, and explored innovations in wind energy.\",\"breadcrumb\":{\"@id\":\"https:\/\/solute.es\/solute-attends-wind-europe-in-bilbao\/#breadcrumb\"},\"inLanguage\":\"es\",\"potentialAction\":[{\"@type\":\"ReadAction\",\"target\":[\"https:\/\/solute.es\/solute-attends-wind-europe-in-bilbao\/\"]}]},{\"@type\":\"ImageObject\",\"inLanguage\":\"es\",\"@id\":\"https:\/\/solute.es\/solute-attends-wind-europe-in-bilbao\/#primaryimage\",\"url\":\"https:\/\/solute.es\/wp-content\/uploads\/2024\/06\/Wind_Europe_2024.jpg\",\"contentUrl\":\"https:\/\/solute.es\/wp-content\/uploads\/2024\/06\/Wind_Europe_2024.jpg\",\"width\":1290,\"height\":968,\"caption\":\"The SOLUTE team attending Wind Europe 2024 in Bilbao\"},{\"@type\":\"BreadcrumbList\",\"@id\":\"https:\/\/solute.es\/solute-attends-wind-europe-in-bilbao\/#breadcrumb\",\"itemListElement\":[{\"@type\":\"ListItem\",\"position\":1,\"name\":\"Home\",\"item\":\"https:\/\/solute.es\/\"},{\"@type\":\"ListItem\",\"position\":2,\"name\":\"SOLUTE attends Wind Europe in Bilbao\"}]},{\"@type\":\"WebSite\",\"@id\":\"https:\/\/solute.es\/#website\",\"url\":\"https:\/\/solute.es\/\",\"name\":\"SOLUTE\",\"description\":\"Multidisciplinary engineering consultancy\",\"publisher\":{\"@id\":\"https:\/\/solute.es\/#organization\"},\"potentialAction\":[{\"@type\":\"SearchAction\",\"target\":{\"@type\":\"EntryPoint\",\"urlTemplate\":\"https:\/\/solute.es\/?s={search_term_string}\"},\"query-input\":{\"@type\":\"PropertyValueSpecification\",\"valueRequired\":true,\"valueName\":\"search_term_string\"}}],\"inLanguage\":\"es\"},{\"@type\":\"Organization\",\"@id\":\"https:\/\/solute.es\/#organization\",\"name\":\"SOLUTE\",\"url\":\"https:\/\/solute.es\/\",\"logo\":{\"@type\":\"ImageObject\",\"inLanguage\":\"es\",\"@id\":\"https:\/\/solute.es\/#\/schema\/logo\/image\/\",\"url\":\"https:\/\/solute.es\/wp-content\/uploads\/2024\/01\/SOLUTE_Engineering_350x100px.png\",\"contentUrl\":\"https:\/\/solute.es\/wp-content\/uploads\/2024\/01\/SOLUTE_Engineering_350x100px.png\",\"width\":350,\"height\":100,\"caption\":\"SOLUTE\"},\"image\":{\"@id\":\"https:\/\/solute.es\/#\/schema\/logo\/image\/\"}},{\"@type\":\"Person\",\"@id\":\"https:\/\/solute.es\/#\/schema\/person\/aa2963d38c6f6db9fdbebd35bcd31f20\",\"name\":\"Mauricio Rich\"}]}<\/script>\n<!-- \/ Yoast SEO plugin. -->","yoast_head_json":{"title":"SOLUTE attends Wind Europe 2024 held in Bilbao | SOLUTE","description":"Discover SOLUTE and TSR Wind's highlights from WindEurope Bilbao 2024. See how we showcased our tech, met with experts, and explored innovations in wind energy.","robots":{"index":"index","follow":"nofollow","max-snippet":"max-snippet:-1","max-image-preview":"max-image-preview:large","max-video-preview":"max-video-preview:-1"},"canonical":"https:\/\/solute.es\/es\/solute-attends-wind-europe-in-bilbao\/","og_locale":"es_ES","og_type":"article","og_title":"SOLUTE attends Wind Europe 2024 held in Bilbao | SOLUTE","og_description":"Discover SOLUTE and TSR Wind's highlights from WindEurope Bilbao 2024. See how we showcased our tech, met with experts, and explored innovations in wind energy.","og_url":"https:\/\/solute.es\/es\/solute-attends-wind-europe-in-bilbao\/","og_site_name":"SOLUTE","article_published_time":"2024-04-05T10:59:40+00:00","article_modified_time":"2024-08-28T13:56:32+00:00","og_image":[{"width":1290,"height":968,"url":"https:\/\/solute.es\/wp-content\/uploads\/2024\/06\/Wind_Europe_2024.jpg","type":"image\/jpeg"}],"author":"Mauricio Rich","twitter_card":"summary_large_image","twitter_misc":{"Escrito por":"Mauricio Rich","Tiempo de lectura":"2 minutos"},"schema":{"@context":"https:\/\/schema.org","@graph":[{"@type":"Article","@id":"https:\/\/solute.es\/solute-attends-wind-europe-in-bilbao\/#article","isPartOf":{"@id":"https:\/\/solute.es\/solute-attends-wind-europe-in-bilbao\/"},"author":{"name":"Mauricio Rich","@id":"https:\/\/solute.es\/#\/schema\/person\/aa2963d38c6f6db9fdbebd35bcd31f20"},"headline":"SOLUTE attends Wind Europe in Bilbao","datePublished":"2024-04-05T10:59:40+00:00","dateModified":"2024-08-28T13:56:32+00:00","mainEntityOfPage":{"@id":"https:\/\/solute.es\/solute-attends-wind-europe-in-bilbao\/"},"wordCount":260,"publisher":{"@id":"https:\/\/solute.es\/#organization"},"image":{"@id":"https:\/\/solute.es\/solute-attends-wind-europe-in-bilbao\/#primaryimage"},"thumbnailUrl":"https:\/\/solute.es\/wp-content\/uploads\/2024\/06\/Wind_Europe_2024.jpg","articleSection":["Events","Wind energy"],"inLanguage":"es"},{"@type":"WebPage","@id":"https:\/\/solute.es\/solute-attends-wind-europe-in-bilbao\/","url":"https:\/\/solute.es\/solute-attends-wind-europe-in-bilbao\/","name":"SOLUTE attends Wind Europe 2024 held in Bilbao | SOLUTE","isPartOf":{"@id":"https:\/\/solute.es\/#website"},"primaryImageOfPage":{"@id":"https:\/\/solute.es\/solute-attends-wind-europe-in-bilbao\/#primaryimage"},"image":{"@id":"https:\/\/solute.es\/solute-attends-wind-europe-in-bilbao\/#primaryimage"},"thumbnailUrl":"https:\/\/solute.es\/wp-content\/uploads\/2024\/06\/Wind_Europe_2024.jpg","datePublished":"2024-04-05T10:59:40+00:00","dateModified":"2024-08-28T13:56:32+00:00","description":"Discover SOLUTE and TSR Wind's highlights from WindEurope Bilbao 2024. See how we showcased our tech, met with experts, and explored innovations in wind energy.","breadcrumb":{"@id":"https:\/\/solute.es\/solute-attends-wind-europe-in-bilbao\/#breadcrumb"},"inLanguage":"es","potentialAction":[{"@type":"ReadAction","target":["https:\/\/solute.es\/solute-attends-wind-europe-in-bilbao\/"]}]},{"@type":"ImageObject","inLanguage":"es","@id":"https:\/\/solute.es\/solute-attends-wind-europe-in-bilbao\/#primaryimage","url":"https:\/\/solute.es\/wp-content\/uploads\/2024\/06\/Wind_Europe_2024.jpg","contentUrl":"https:\/\/solute.es\/wp-content\/uploads\/2024\/06\/Wind_Europe_2024.jpg","width":1290,"height":968,"caption":"The SOLUTE team attending Wind Europe 2024 in Bilbao"},{"@type":"BreadcrumbList","@id":"https:\/\/solute.es\/solute-attends-wind-europe-in-bilbao\/#breadcrumb","itemListElement":[{"@type":"ListItem","position":1,"name":"Home","item":"https:\/\/solute.es\/"},{"@type":"ListItem","position":2,"name":"SOLUTE attends Wind Europe in Bilbao"}]},{"@type":"WebSite","@id":"https:\/\/solute.es\/#website","url":"https:\/\/solute.es\/","name":"SUSTANCIA DISOLUTA","description":"Consultor\u00eda de ingenier\u00eda multidisciplinar","publisher":{"@id":"https:\/\/solute.es\/#organization"},"potentialAction":[{"@type":"SearchAction","target":{"@type":"EntryPoint","urlTemplate":"https:\/\/solute.es\/?s={search_term_string}"},"query-input":{"@type":"PropertyValueSpecification","valueRequired":true,"valueName":"search_term_string"}}],"inLanguage":"es"},{"@type":"Organization","@id":"https:\/\/solute.es\/#organization","name":"SUSTANCIA DISOLUTA","url":"https:\/\/solute.es\/","logo":{"@type":"ImageObject","inLanguage":"es","@id":"https:\/\/solute.es\/#\/schema\/logo\/image\/","url":"https:\/\/solute.es\/wp-content\/uploads\/2024\/01\/SOLUTE_Engineering_350x100px.png","contentUrl":"https:\/\/solute.es\/wp-content\/uploads\/2024\/01\/SOLUTE_Engineering_350x100px.png","width":350,"height":100,"caption":"SOLUTE"},"image":{"@id":"https:\/\/solute.es\/#\/schema\/logo\/image\/"}},{"@type":"Person","@id":"https:\/\/solute.es\/#\/schema\/person\/aa2963d38c6f6db9fdbebd35bcd31f20","name":"Mauricio rico"}]}},"_links":{"self":[{"href":"https:\/\/solute.es\/es\/wp-json\/wp\/v2\/posts\/5166","targetHints":{"allow":["GET"]}}],"collection":[{"href":"https:\/\/solute.es\/es\/wp-json\/wp\/v2\/posts"}],"about":[{"href":"https:\/\/solute.es\/es\/wp-json\/wp\/v2\/types\/post"}],"author":[{"embeddable":true,"href":"https:\/\/solute.es\/es\/wp-json\/wp\/v2\/users\/5"}],"replies":[{"embeddable":true,"href":"https:\/\/solute.es\/es\/wp-json\/wp\/v2\/comments?post=5166"}],"version-history":[{"count":38,"href":"https:\/\/solute.es\/es\/wp-json\/wp\/v2\/posts\/5166\/revisions"}],"predecessor-version":[{"id":5847,"href":"https:\/\/solute.es\/es\/wp-json\/wp\/v2\/posts\/5166\/revisions\/5847"}],"wp:featuredmedia":[{"embeddable":true,"href":"https:\/\/solute.es\/es\/wp-json\/wp\/v2\/media\/5167"}],"wp:attachment":[{"href":"https:\/\/solute.es\/es\/wp-json\/wp\/v2\/media?parent=5166"}],"wp:term":[{"taxonomy":"category","embeddable":true,"href":"https:\/\/solute.es\/es\/wp-json\/wp\/v2\/categories?post=5166"},{"taxonomy":"post_tag","embeddable":true,"href":"https:\/\/solute.es\/es\/wp-json\/wp\/v2\/tags?post=5166"}],"curies":[{"name":"wp","href":"https:\/\/api.w.org\/{rel}","templated":true}]}}